{"id":8644,"date":"2025-06-10T08:26:49","date_gmt":"2025-06-10T06:26:49","guid":{"rendered":"https:\/\/j-p-management.com\/?p=8644"},"modified":"2025-08-04T10:07:18","modified_gmt":"2025-08-04T08:07:18","slug":"nachlese-zur-best-practice-konferenz-am-4-juni-2025","status":"publish","type":"post","link":"https:\/\/wienerhomepages-projekte.at\/1\/j-p-management\/nachlese-zur-best-practice-konferenz-am-4-juni-2025\/","title":{"rendered":"Nachlese zur Best Practice-Konferenz am 4. Juni 2025"},"content":{"rendered":"<div class=\"fusion-fullwidth fullwidth-box fusion-builder-row-1 fusion-flex-container has-pattern-background has-mask-background nonhundred-percent-fullwidth non-hundred-percent-height-scrolling\" style=\"--awb-border-radius-top-left:0px;--awb-border-radius-top-right:0px;--awb-border-radius-bottom-right:0px;--awb-border-radius-bottom-left:0px;--awb-flex-wrap:wrap;\" ><div class=\"fusion-builder-row fusion-row fusion-flex-align-items-flex-start fusion-flex-content-wrap\" style=\"max-width:1216.8px;margin-left: calc(-4% \/ 2 );margin-right: calc(-4% \/ 2 );\"><div class=\"fusion-layout-column fusion_builder_column fusion-builder-column-0 fusion_builder_column_3_4 3_4 fusion-flex-column\" style=\"--awb-bg-size:cover;--awb-width-large:75%;--awb-margin-top-large:0px;--awb-spacing-right-large:2.56%;--awb-margin-bottom-large:20px;--awb-spacing-left-large:2.56%;--awb-width-medium:100%;--awb-order-medium:0;--awb-spacing-right-medium:1.92%;--awb-spacing-left-medium:1.92%;--awb-width-small:100%;--awb-order-small:0;--awb-spacing-right-small:1.92%;--awb-spacing-left-small:1.92%;\"><div class=\"fusion-column-wrapper fusion-column-has-shadow fusion-flex-justify-content-flex-start fusion-content-layout-column\"><div class=\"fusion-text fusion-text-1\"><p><img decoding=\"async\" class=\"lazyload size-full wp-image-8646\" src=\"https:\/\/wienerhomepages-projekte.at\/1\/j-p-management\/wp-content\/uploads\/images\/blog\/konferenz_250604.jpg\" data-orig-src=\"https:\/\/wienerhomepages-projekte.at\/1\/j-p-management\/wp-content\/uploads\/images\/blog\/konferenz_250604.jpg\" alt=\"\" width=\"1200\" height=\"625\" srcset=\"data:image\/svg+xml,%3Csvg%20xmlns%3D%27http%3A%2F%2Fwww.w3.org%2F2000%2Fsvg%27%20width%3D%271200%27%20height%3D%27625%27%20viewBox%3D%270%200%201200%20625%27%3E%3Crect%20width%3D%271200%27%20height%3D%27625%27%20fill-opacity%3D%220%22%2F%3E%3C%2Fsvg%3E\" data-srcset=\"https:\/\/wienerhomepages-projekte.at\/1\/j-p-management\/wp-content\/uploads\/images\/blog\/konferenz_250604-200x104.jpg 200w, https:\/\/wienerhomepages-projekte.at\/1\/j-p-management\/wp-content\/uploads\/images\/blog\/konferenz_250604-300x156.jpg 300w, https:\/\/wienerhomepages-projekte.at\/1\/j-p-management\/wp-content\/uploads\/images\/blog\/konferenz_250604-400x208.jpg 400w, https:\/\/wienerhomepages-projekte.at\/1\/j-p-management\/wp-content\/uploads\/images\/blog\/konferenz_250604-600x313.jpg 600w, https:\/\/wienerhomepages-projekte.at\/1\/j-p-management\/wp-content\/uploads\/images\/blog\/konferenz_250604-768x400.jpg 768w, https:\/\/wienerhomepages-projekte.at\/1\/j-p-management\/wp-content\/uploads\/images\/blog\/konferenz_250604-800x417.jpg 800w, https:\/\/wienerhomepages-projekte.at\/1\/j-p-management\/wp-content\/uploads\/images\/blog\/konferenz_250604-1024x533.jpg 1024w, https:\/\/wienerhomepages-projekte.at\/1\/j-p-management\/wp-content\/uploads\/images\/blog\/konferenz_250604.jpg 1200w\" data-sizes=\"auto\" data-orig-sizes=\"(max-width: 1200px) 100vw, 1200px\" \/><\/p>\n<\/div><div class=\"fusion-text fusion-text-2\"><h3>Wege zur systematischen Produktivit\u00e4tssteigerung<\/h3>\n<p>Im Rahmen der Best Practice-Konferenz am 4. Juni 2025 an der Universit\u00e4t f\u00fcr Weiterbildung Krems pr\u00e4sentierten F\u00fchrungskr\u00e4fte aus f\u00fchrenden Produktionsunternehmen ihre eindrucksvollen Success Stories zum Themenschwerpunkt \u201eSystematische Produktivit\u00e4tssteigerung\u201c.<\/p>\n<p>Die konkreten Vortragstitel:<\/p>\n<ul>\n<li><strong>Lean und Anpassungsf\u00e4higkeit: Effizienz und Flexibilit\u00e4t im Einklang<\/strong><br \/>\nENGEL AUSTRIA GmbH (Martin Weger)<\/li>\n<li><strong>Smarte Intralogistik: Die n\u00e4chste Stufe der Automatisierung<\/strong><br \/>\nSTIWA Advanced Products GmbH (Daniel Kammerlander)<\/li>\n<li><strong>Supply Chain Resilience<\/strong><br \/>\niSi Automotive Austria GmbH (Caroline Bleyl-Vacha, Andreas Wagner)<\/li>\n<li><strong>Lean im pharmazeutischen Umfeld<\/strong><br \/>\nHERMES PHARMA Ges.m.b.H. (Erwin Scharf)<\/li>\n<li><strong>Gamechanger: Gruppenleiter Operations<\/strong><br \/>\nWacker Neuson Linz GmbH (Christian B\u00f6hm)<\/li>\n<li><strong>Lean Management entlang des gesamten Wertstroms<\/strong><br \/>\nTRUMPF Maschinen Austria GmbH &amp; Co. KG (Josef Berghuber, Christoph F\u00fcreder)<\/li>\n<li><strong>Daily Management bei CNH \u00d6sterreich<\/strong><br \/>\nCNH Industrial \u00d6sterreich GmbH (Hannes W\u00f6gerbauer, Paul Eckerstorfer)<\/li>\n<li><strong>Symbiose aus Qualit\u00e4t und Digitalisierung<\/strong><br \/>\nFlextronics International Gesellschaft m.b.H. (Helmut Khom, Christoph Waldner, Florian Aichwalder)<\/li>\n<\/ul>\n<p>\u00dcber 240 Teilnehmerinnen und Teilnehmer nutzten die Gelegenheit, an einem Tag Erfahrungsberichte aus erster Hand kennenzulernen, Impulse f\u00fcr die Weiterentwicklung ihrer eigenen Organisation mitzunehmen und in entspannter Atmosph\u00e4re Kontakte mit Berufskolleginnen und -kollegen zu kn\u00fcpfen.<\/p>\n<p><a href=\"https:\/\/www.step-up.at\/best-practice\/best-practice-konferenzen\/best-practice-konferenzen-rueckblick\/best-practice-konferenz-am-4-juni-2025\/\">Zur Nachlese: Pr\u00e4sentationen als Download (f\u00fcr StEP-Up-Mitgliedsunternehmen), Foto-Impressionen, Bewertungsergebnisse, Feedback von Teilnehmerinnen und Teilnehmern<\/a><\/p>\n<\/div><div class=\"fusion-sharing-box fusion-sharing-box-1 has-taglines layout-floated layout-medium-floated layout-small-stacked\" style=\"background-color:hsla(var(--awb-color8-h),var(--awb-color8-s),calc( var(--awb-color8-l) + 96% ),var(--awb-color8-a));border-color:#cccccc;--awb-separator-border-color:#cccccc;--awb-separator-border-sizes:0px;--awb-layout:row;--awb-alignment-small:space-between;--awb-stacked-align-small:center;\" data-title=\"Nachlese zur Best Practice-Konferenz am 4. Juni 2025\" data-description=\"Wege zur systematischen Produktivit\u00e4tssteigerung\r\nIm Rahmen der Best Practice-Konferenz am 4. Juni 2025 an der Universit\u00e4t f\u00fcr Weiterbildung Krems pr\u00e4sentierten F\u00fchrungskr\u00e4fte aus f\u00fchrenden Produktionsunternehmen ihre eindrucksvollen Success Stories zum Themenschwerpunkt \u201eSystematische Produktivit\u00e4tssteigerung\u201c.\r\n\r\nDie konkreten Vortragstitel:\r\n\r\n \tLean und Anpassungsf\u00e4higkeit: Effizienz und Flexibilit\u00e4t im Einklang\r\nENGEL AUSTRIA GmbH (Martin Weger)\r\n \tSmarte Intralogistik:\" data-link=\"https:\/\/wienerhomepages-projekte.at\/1\/j-p-management\/nachlese-zur-best-practice-konferenz-am-4-juni-2025\/\"><h4 class=\"tagline\" style=\"color:hsla(var(--awb-color8-h),var(--awb-color8-s),calc( var(--awb-color8-l) + 20% ),var(--awb-color8-a));\">Teilen Sie diesen Beitrag:<\/h4><div class=\"fusion-social-networks sharingbox-shortcode-icon-wrapper sharingbox-shortcode-icon-wrapper-1\"><span><a href=\"https:\/\/www.facebook.com\/sharer.php?u=https%3A%2F%2Fwienerhomepages-projekte.at%2F1%2Fj-p-management%2Fnachlese-zur-best-practice-konferenz-am-4-juni-2025%2F&amp;t=Nachlese%20zur%20Best%20Practice-Konferenz%20am%204.%20Juni%202025\" target=\"_blank\" rel=\"noreferrer\" title=\"Facebook\" aria-label=\"Facebook\" data-placement=\"top\" data-toggle=\"tooltip\" data-title=\"Facebook\"><i class=\"fusion-social-network-icon fusion-tooltip fusion-facebook awb-icon-facebook\" style=\"color:#bebdbd;\" aria-hidden=\"true\"><\/i><\/a><\/span><span><a href=\"https:\/\/www.linkedin.com\/shareArticle?mini=true&amp;url=https%3A%2F%2Fwienerhomepages-projekte.at%2F1%2Fj-p-management%2Fnachlese-zur-best-practice-konferenz-am-4-juni-2025%2F&amp;title=Nachlese%20zur%20Best%20Practice-Konferenz%20am%204.%20Juni%202025&amp;summary=Wege%20zur%20systematischen%20Produktivit%C3%A4tssteigerung%0D%0AIm%20Rahmen%20der%20Best%20Practice-Konferenz%20am%204.%20Juni%202025%20an%20der%20Universit%C3%A4t%20f%C3%BCr%20Weiterbildung%20Krems%20pr%C3%A4sentierten%20F%C3%BChrungskr%C3%A4fte%20aus%20f%C3%BChrenden%20Produktionsunternehmen%20ihre%20eindrucksvollen%20Success%20Stories%20zum%20Themenschwerpunkt%20%E2%80%9ESystematische%20Produktivit%C3%A4tssteigerung%E2%80%9C.%0D%0A%0D%0ADie%20konkreten%20Vortragstitel%3A%0D%0A%0D%0A%20%09Lean%20und%20Anpassungsf%C3%A4higkeit%3A%20Effizienz%20und%20Flexibilit%C3%A4t%20im%20Einklang%0D%0AENGEL%20AUSTRIA%20GmbH%20%28Martin%20Weger%29%0D%0A%20%09Smarte%20Intralogistik%3A\" target=\"_blank\" rel=\"noopener noreferrer\" title=\"LinkedIn\" aria-label=\"LinkedIn\" data-placement=\"top\" data-toggle=\"tooltip\" data-title=\"LinkedIn\"><i class=\"fusion-social-network-icon fusion-tooltip fusion-linkedin awb-icon-linkedin\" style=\"color:#bebdbd;\" aria-hidden=\"true\"><\/i><\/a><\/span><span><a href=\"https:\/\/api.whatsapp.com\/send?text=https%3A%2F%2Fwienerhomepages-projekte.at%2F1%2Fj-p-management%2Fnachlese-zur-best-practice-konferenz-am-4-juni-2025%2F\" target=\"_blank\" rel=\"noopener noreferrer\" title=\"WhatsApp\" aria-label=\"WhatsApp\" data-placement=\"top\" data-toggle=\"tooltip\" data-title=\"WhatsApp\"><i class=\"fusion-social-network-icon fusion-tooltip fusion-whatsapp awb-icon-whatsapp\" style=\"color:#bebdbd;\" aria-hidden=\"true\"><\/i><\/a><\/span><span><a href=\"https:\/\/www.xing.com\/social_plugins\/share\/new?sc_p=xing-share&amp;h=1&amp;url=https%3A%2F%2Fwienerhomepages-projekte.at%2F1%2Fj-p-management%2Fnachlese-zur-best-practice-konferenz-am-4-juni-2025%2F\" target=\"_blank\" rel=\"noopener noreferrer\" title=\"Xing\" aria-label=\"Xing\" data-placement=\"top\" data-toggle=\"tooltip\" data-title=\"Xing\"><i class=\"fusion-social-network-icon fusion-tooltip fusion-xing awb-icon-xing\" style=\"color:#bebdbd;\" aria-hidden=\"true\"><\/i><\/a><\/span><span><a href=\"mailto:?subject=Nachlese%20zur%20Best%20Practice-Konferenz%20am%204.%20Juni%202025&amp;body=https%3A%2F%2Fwienerhomepages-projekte.at%2F1%2Fj-p-management%2Fnachlese-zur-best-practice-konferenz-am-4-juni-2025%2F\" target=\"_self\" title=\"E-Mail\" aria-label=\"E-Mail\" data-placement=\"top\" data-toggle=\"tooltip\" data-title=\"E-Mail\"><i class=\"fusion-social-network-icon fusion-tooltip fusion-mail awb-icon-mail\" style=\"color:#bebdbd;\" aria-hidden=\"true\"><\/i><\/a><\/span><\/div><\/div>\n<\/div><\/div><\/div><\/div>\n","protected":false},"excerpt":{"rendered":"","protected":false},"author":2,"featured_media":8646,"comment_status":"open","ping_status":"open","sticky":false,"template":"","format":"standard","meta":{"footnotes":""},"categories":[49],"tags":[],"class_list":["post-8644","post","type-post","status-publish","format-standard","has-post-thumbnail","hentry","category-information"],"yoast_head":"<!-- This site is optimized with the Yoast SEO plugin v27.2 - https:\/\/yoast.com\/product\/yoast-seo-wordpress\/ -->\n<title>Nachlese zur Best Practice-Konferenz am 4. Juni 2025 - j-p-management<\/title>\n<meta name=\"description\" content=\"Best-Practice-Konferenz - Im Rahmen der Best Practice-Konferenz am 4. Juni 2025 an der Universit\u00e4t f\u00fcr Weiterbildung Krems pr\u00e4sentierten F\u00fchrungskr\u00e4fte aus f\u00fchrenden Produktionsunternehmen ihre eindrucksvollen Success Stories zum Themenschwerpunkt \u201eSystematische Produktivit\u00e4tssteigerung\u201c.\" \/>\n<meta name=\"robots\" content=\"noindex, follow, max-snippet:-1, max-image-preview:large, max-video-preview:-1\" \/>\n<meta property=\"og:locale\" content=\"de_DE\" \/>\n<meta property=\"og:type\" content=\"article\" \/>\n<meta property=\"og:title\" content=\"Nachlese zur Best Practice-Konferenz am 4. Juni 2025 - j-p-management\" \/>\n<meta property=\"og:description\" content=\"Best-Practice-Konferenz - Im Rahmen der Best Practice-Konferenz am 4. Juni 2025 an der Universit\u00e4t f\u00fcr Weiterbildung Krems pr\u00e4sentierten F\u00fchrungskr\u00e4fte aus f\u00fchrenden Produktionsunternehmen ihre eindrucksvollen Success Stories zum Themenschwerpunkt \u201eSystematische Produktivit\u00e4tssteigerung\u201c.\" \/>\n<meta property=\"og:url\" content=\"https:\/\/wienerhomepages-projekte.at\/1\/j-p-management\/nachlese-zur-best-practice-konferenz-am-4-juni-2025\/\" \/>\n<meta property=\"og:site_name\" content=\"j-p-management\" \/>\n<meta property=\"article:published_time\" content=\"2025-06-10T06:26:49+00:00\" \/>\n<meta property=\"article:modified_time\" content=\"2025-08-04T08:07:18+00:00\" \/>\n<meta property=\"og:image\" content=\"https:\/\/wienerhomepages-projekte.at\/1\/j-p-management\/wp-content\/uploads\/images\/blog\/konferenz_250604.jpg\" \/>\n\t<meta property=\"og:image:width\" content=\"1200\" \/>\n\t<meta property=\"og:image:height\" content=\"625\" \/>\n\t<meta property=\"og:image:type\" content=\"image\/jpeg\" \/>\n<meta name=\"author\" content=\"priestersberger\" \/>\n<meta name=\"twitter:card\" content=\"summary_large_image\" \/>\n<meta name=\"twitter:label1\" content=\"Geschrieben von\" \/>\n\t<meta name=\"twitter:data1\" content=\"priestersberger\" \/>\n\t<meta name=\"twitter:label2\" content=\"Gesch\u00e4tzte Lesezeit\" \/>\n\t<meta name=\"twitter:data2\" content=\"2\u00a0Minuten\" \/>\n<script type=\"application\/ld+json\" class=\"yoast-schema-graph\">{\"@context\":\"https:\/\/schema.org\",\"@graph\":[{\"@type\":\"Article\",\"@id\":\"https:\/\/wienerhomepages-projekte.at\/1\/j-p-management\/nachlese-zur-best-practice-konferenz-am-4-juni-2025\/#article\",\"isPartOf\":{\"@id\":\"https:\/\/wienerhomepages-projekte.at\/1\/j-p-management\/nachlese-zur-best-practice-konferenz-am-4-juni-2025\/\"},\"author\":{\"name\":\"priestersberger\",\"@id\":\"https:\/\/wienerhomepages-projekte.at\/1\/j-p-management\/#\/schema\/person\/0d90a45d76680be33a13f540caf01a74\"},\"headline\":\"Nachlese zur Best Practice-Konferenz am 4. Juni 2025\",\"datePublished\":\"2025-06-10T06:26:49+00:00\",\"dateModified\":\"2025-08-04T08:07:18+00:00\",\"mainEntityOfPage\":{\"@id\":\"https:\/\/wienerhomepages-projekte.at\/1\/j-p-management\/nachlese-zur-best-practice-konferenz-am-4-juni-2025\/\"},\"wordCount\":1104,\"commentCount\":0,\"image\":{\"@id\":\"https:\/\/wienerhomepages-projekte.at\/1\/j-p-management\/nachlese-zur-best-practice-konferenz-am-4-juni-2025\/#primaryimage\"},\"thumbnailUrl\":\"https:\/\/wienerhomepages-projekte.at\/1\/j-p-management\/wp-content\/uploads\/images\/blog\/konferenz_250604.jpg\",\"articleSection\":[\"Information\"],\"inLanguage\":\"de\",\"potentialAction\":[{\"@type\":\"CommentAction\",\"name\":\"Comment\",\"target\":[\"https:\/\/wienerhomepages-projekte.at\/1\/j-p-management\/nachlese-zur-best-practice-konferenz-am-4-juni-2025\/#respond\"]}]},{\"@type\":\"WebPage\",\"@id\":\"https:\/\/wienerhomepages-projekte.at\/1\/j-p-management\/nachlese-zur-best-practice-konferenz-am-4-juni-2025\/\",\"url\":\"https:\/\/wienerhomepages-projekte.at\/1\/j-p-management\/nachlese-zur-best-practice-konferenz-am-4-juni-2025\/\",\"name\":\"Nachlese zur Best Practice-Konferenz am 4. Juni 2025 - j-p-management\",\"isPartOf\":{\"@id\":\"https:\/\/wienerhomepages-projekte.at\/1\/j-p-management\/#website\"},\"primaryImageOfPage\":{\"@id\":\"https:\/\/wienerhomepages-projekte.at\/1\/j-p-management\/nachlese-zur-best-practice-konferenz-am-4-juni-2025\/#primaryimage\"},\"image\":{\"@id\":\"https:\/\/wienerhomepages-projekte.at\/1\/j-p-management\/nachlese-zur-best-practice-konferenz-am-4-juni-2025\/#primaryimage\"},\"thumbnailUrl\":\"https:\/\/wienerhomepages-projekte.at\/1\/j-p-management\/wp-content\/uploads\/images\/blog\/konferenz_250604.jpg\",\"datePublished\":\"2025-06-10T06:26:49+00:00\",\"dateModified\":\"2025-08-04T08:07:18+00:00\",\"author\":{\"@id\":\"https:\/\/wienerhomepages-projekte.at\/1\/j-p-management\/#\/schema\/person\/0d90a45d76680be33a13f540caf01a74\"},\"description\":\"Best-Practice-Konferenz - Im Rahmen der Best Practice-Konferenz am 4. Juni 2025 an der Universit\u00e4t f\u00fcr Weiterbildung Krems pr\u00e4sentierten F\u00fchrungskr\u00e4fte aus f\u00fchrenden Produktionsunternehmen ihre eindrucksvollen Success Stories zum Themenschwerpunkt \u201eSystematische Produktivit\u00e4tssteigerung\u201c.\",\"breadcrumb\":{\"@id\":\"https:\/\/wienerhomepages-projekte.at\/1\/j-p-management\/nachlese-zur-best-practice-konferenz-am-4-juni-2025\/#breadcrumb\"},\"inLanguage\":\"de\",\"potentialAction\":[{\"@type\":\"ReadAction\",\"target\":[\"https:\/\/wienerhomepages-projekte.at\/1\/j-p-management\/nachlese-zur-best-practice-konferenz-am-4-juni-2025\/\"]}]},{\"@type\":\"ImageObject\",\"inLanguage\":\"de\",\"@id\":\"https:\/\/wienerhomepages-projekte.at\/1\/j-p-management\/nachlese-zur-best-practice-konferenz-am-4-juni-2025\/#primaryimage\",\"url\":\"https:\/\/wienerhomepages-projekte.at\/1\/j-p-management\/wp-content\/uploads\/images\/blog\/konferenz_250604.jpg\",\"contentUrl\":\"https:\/\/wienerhomepages-projekte.at\/1\/j-p-management\/wp-content\/uploads\/images\/blog\/konferenz_250604.jpg\",\"width\":1200,\"height\":625,\"caption\":\"Wege zur systematischen Produktivit\u00e4tssteigerung\"},{\"@type\":\"BreadcrumbList\",\"@id\":\"https:\/\/wienerhomepages-projekte.at\/1\/j-p-management\/nachlese-zur-best-practice-konferenz-am-4-juni-2025\/#breadcrumb\",\"itemListElement\":[{\"@type\":\"ListItem\",\"position\":1,\"name\":\"Startseite\",\"item\":\"https:\/\/wienerhomepages-projekte.at\/1\/j-p-management\/\"},{\"@type\":\"ListItem\",\"position\":2,\"name\":\"Nachlese zur Best Practice-Konferenz am 4. Juni 2025\"}]},{\"@type\":\"WebSite\",\"@id\":\"https:\/\/wienerhomepages-projekte.at\/1\/j-p-management\/#website\",\"url\":\"https:\/\/wienerhomepages-projekte.at\/1\/j-p-management\/\",\"name\":\"j-p-management\",\"description\":\"\",\"potentialAction\":[{\"@type\":\"SearchAction\",\"target\":{\"@type\":\"EntryPoint\",\"urlTemplate\":\"https:\/\/wienerhomepages-projekte.at\/1\/j-p-management\/?s={search_term_string}\"},\"query-input\":{\"@type\":\"PropertyValueSpecification\",\"valueRequired\":true,\"valueName\":\"search_term_string\"}}],\"inLanguage\":\"de\"},{\"@type\":\"Person\",\"@id\":\"https:\/\/wienerhomepages-projekte.at\/1\/j-p-management\/#\/schema\/person\/0d90a45d76680be33a13f540caf01a74\",\"name\":\"priestersberger\",\"url\":\"https:\/\/wienerhomepages-projekte.at\/1\/j-p-management\/author\/priestersberger\/\"}]}<\/script>\n<!-- \/ Yoast SEO plugin. -->","yoast_head_json":{"title":"Nachlese zur Best Practice-Konferenz am 4. Juni 2025 - j-p-management","description":"Best-Practice-Konferenz - Im Rahmen der Best Practice-Konferenz am 4. Juni 2025 an der Universit\u00e4t f\u00fcr Weiterbildung Krems pr\u00e4sentierten F\u00fchrungskr\u00e4fte aus f\u00fchrenden Produktionsunternehmen ihre eindrucksvollen Success Stories zum Themenschwerpunkt \u201eSystematische Produktivit\u00e4tssteigerung\u201c.","robots":{"index":"noindex","follow":"follow","max-snippet":"max-snippet:-1","max-image-preview":"max-image-preview:large","max-video-preview":"max-video-preview:-1"},"og_locale":"de_DE","og_type":"article","og_title":"Nachlese zur Best Practice-Konferenz am 4. Juni 2025 - j-p-management","og_description":"Best-Practice-Konferenz - Im Rahmen der Best Practice-Konferenz am 4. Juni 2025 an der Universit\u00e4t f\u00fcr Weiterbildung Krems pr\u00e4sentierten F\u00fchrungskr\u00e4fte aus f\u00fchrenden Produktionsunternehmen ihre eindrucksvollen Success Stories zum Themenschwerpunkt \u201eSystematische Produktivit\u00e4tssteigerung\u201c.","og_url":"https:\/\/wienerhomepages-projekte.at\/1\/j-p-management\/nachlese-zur-best-practice-konferenz-am-4-juni-2025\/","og_site_name":"j-p-management","article_published_time":"2025-06-10T06:26:49+00:00","article_modified_time":"2025-08-04T08:07:18+00:00","og_image":[{"width":1200,"height":625,"url":"https:\/\/wienerhomepages-projekte.at\/1\/j-p-management\/wp-content\/uploads\/images\/blog\/konferenz_250604.jpg","type":"image\/jpeg"}],"author":"priestersberger","twitter_card":"summary_large_image","twitter_misc":{"Geschrieben von":"priestersberger","Gesch\u00e4tzte Lesezeit":"2\u00a0Minuten"},"schema":{"@context":"https:\/\/schema.org","@graph":[{"@type":"Article","@id":"https:\/\/wienerhomepages-projekte.at\/1\/j-p-management\/nachlese-zur-best-practice-konferenz-am-4-juni-2025\/#article","isPartOf":{"@id":"https:\/\/wienerhomepages-projekte.at\/1\/j-p-management\/nachlese-zur-best-practice-konferenz-am-4-juni-2025\/"},"author":{"name":"priestersberger","@id":"https:\/\/wienerhomepages-projekte.at\/1\/j-p-management\/#\/schema\/person\/0d90a45d76680be33a13f540caf01a74"},"headline":"Nachlese zur Best Practice-Konferenz am 4. Juni 2025","datePublished":"2025-06-10T06:26:49+00:00","dateModified":"2025-08-04T08:07:18+00:00","mainEntityOfPage":{"@id":"https:\/\/wienerhomepages-projekte.at\/1\/j-p-management\/nachlese-zur-best-practice-konferenz-am-4-juni-2025\/"},"wordCount":1104,"commentCount":0,"image":{"@id":"https:\/\/wienerhomepages-projekte.at\/1\/j-p-management\/nachlese-zur-best-practice-konferenz-am-4-juni-2025\/#primaryimage"},"thumbnailUrl":"https:\/\/wienerhomepages-projekte.at\/1\/j-p-management\/wp-content\/uploads\/images\/blog\/konferenz_250604.jpg","articleSection":["Information"],"inLanguage":"de","potentialAction":[{"@type":"CommentAction","name":"Comment","target":["https:\/\/wienerhomepages-projekte.at\/1\/j-p-management\/nachlese-zur-best-practice-konferenz-am-4-juni-2025\/#respond"]}]},{"@type":"WebPage","@id":"https:\/\/wienerhomepages-projekte.at\/1\/j-p-management\/nachlese-zur-best-practice-konferenz-am-4-juni-2025\/","url":"https:\/\/wienerhomepages-projekte.at\/1\/j-p-management\/nachlese-zur-best-practice-konferenz-am-4-juni-2025\/","name":"Nachlese zur Best Practice-Konferenz am 4. Juni 2025 - j-p-management","isPartOf":{"@id":"https:\/\/wienerhomepages-projekte.at\/1\/j-p-management\/#website"},"primaryImageOfPage":{"@id":"https:\/\/wienerhomepages-projekte.at\/1\/j-p-management\/nachlese-zur-best-practice-konferenz-am-4-juni-2025\/#primaryimage"},"image":{"@id":"https:\/\/wienerhomepages-projekte.at\/1\/j-p-management\/nachlese-zur-best-practice-konferenz-am-4-juni-2025\/#primaryimage"},"thumbnailUrl":"https:\/\/wienerhomepages-projekte.at\/1\/j-p-management\/wp-content\/uploads\/images\/blog\/konferenz_250604.jpg","datePublished":"2025-06-10T06:26:49+00:00","dateModified":"2025-08-04T08:07:18+00:00","author":{"@id":"https:\/\/wienerhomepages-projekte.at\/1\/j-p-management\/#\/schema\/person\/0d90a45d76680be33a13f540caf01a74"},"description":"Best-Practice-Konferenz - Im Rahmen der Best Practice-Konferenz am 4. Juni 2025 an der Universit\u00e4t f\u00fcr Weiterbildung Krems pr\u00e4sentierten F\u00fchrungskr\u00e4fte aus f\u00fchrenden Produktionsunternehmen ihre eindrucksvollen Success Stories zum Themenschwerpunkt \u201eSystematische Produktivit\u00e4tssteigerung\u201c.","breadcrumb":{"@id":"https:\/\/wienerhomepages-projekte.at\/1\/j-p-management\/nachlese-zur-best-practice-konferenz-am-4-juni-2025\/#breadcrumb"},"inLanguage":"de","potentialAction":[{"@type":"ReadAction","target":["https:\/\/wienerhomepages-projekte.at\/1\/j-p-management\/nachlese-zur-best-practice-konferenz-am-4-juni-2025\/"]}]},{"@type":"ImageObject","inLanguage":"de","@id":"https:\/\/wienerhomepages-projekte.at\/1\/j-p-management\/nachlese-zur-best-practice-konferenz-am-4-juni-2025\/#primaryimage","url":"https:\/\/wienerhomepages-projekte.at\/1\/j-p-management\/wp-content\/uploads\/images\/blog\/konferenz_250604.jpg","contentUrl":"https:\/\/wienerhomepages-projekte.at\/1\/j-p-management\/wp-content\/uploads\/images\/blog\/konferenz_250604.jpg","width":1200,"height":625,"caption":"Wege zur systematischen Produktivit\u00e4tssteigerung"},{"@type":"BreadcrumbList","@id":"https:\/\/wienerhomepages-projekte.at\/1\/j-p-management\/nachlese-zur-best-practice-konferenz-am-4-juni-2025\/#breadcrumb","itemListElement":[{"@type":"ListItem","position":1,"name":"Startseite","item":"https:\/\/wienerhomepages-projekte.at\/1\/j-p-management\/"},{"@type":"ListItem","position":2,"name":"Nachlese zur Best Practice-Konferenz am 4. Juni 2025"}]},{"@type":"WebSite","@id":"https:\/\/wienerhomepages-projekte.at\/1\/j-p-management\/#website","url":"https:\/\/wienerhomepages-projekte.at\/1\/j-p-management\/","name":"j-p-management","description":"","potentialAction":[{"@type":"SearchAction","target":{"@type":"EntryPoint","urlTemplate":"https:\/\/wienerhomepages-projekte.at\/1\/j-p-management\/?s={search_term_string}"},"query-input":{"@type":"PropertyValueSpecification","valueRequired":true,"valueName":"search_term_string"}}],"inLanguage":"de"},{"@type":"Person","@id":"https:\/\/wienerhomepages-projekte.at\/1\/j-p-management\/#\/schema\/person\/0d90a45d76680be33a13f540caf01a74","name":"priestersberger","url":"https:\/\/wienerhomepages-projekte.at\/1\/j-p-management\/author\/priestersberger\/"}]}},"_links":{"self":[{"href":"https:\/\/wienerhomepages-projekte.at\/1\/j-p-management\/wp-json\/wp\/v2\/posts\/8644","targetHints":{"allow":["GET"]}}],"collection":[{"href":"https:\/\/wienerhomepages-projekte.at\/1\/j-p-management\/wp-json\/wp\/v2\/posts"}],"about":[{"href":"https:\/\/wienerhomepages-projekte.at\/1\/j-p-management\/wp-json\/wp\/v2\/types\/post"}],"author":[{"embeddable":true,"href":"https:\/\/wienerhomepages-projekte.at\/1\/j-p-management\/wp-json\/wp\/v2\/users\/2"}],"replies":[{"embeddable":true,"href":"https:\/\/wienerhomepages-projekte.at\/1\/j-p-management\/wp-json\/wp\/v2\/comments?post=8644"}],"version-history":[{"count":6,"href":"https:\/\/wienerhomepages-projekte.at\/1\/j-p-management\/wp-json\/wp\/v2\/posts\/8644\/revisions"}],"predecessor-version":[{"id":8651,"href":"https:\/\/wienerhomepages-projekte.at\/1\/j-p-management\/wp-json\/wp\/v2\/posts\/8644\/revisions\/8651"}],"wp:featuredmedia":[{"embeddable":true,"href":"https:\/\/wienerhomepages-projekte.at\/1\/j-p-management\/wp-json\/wp\/v2\/media\/8646"}],"wp:attachment":[{"href":"https:\/\/wienerhomepages-projekte.at\/1\/j-p-management\/wp-json\/wp\/v2\/media?parent=8644"}],"wp:term":[{"taxonomy":"category","embeddable":true,"href":"https:\/\/wienerhomepages-projekte.at\/1\/j-p-management\/wp-json\/wp\/v2\/categories?post=8644"},{"taxonomy":"post_tag","embeddable":true,"href":"https:\/\/wienerhomepages-projekte.at\/1\/j-p-management\/wp-json\/wp\/v2\/tags?post=8644"}],"curies":[{"name":"wp","href":"https:\/\/api.w.org\/{rel}","templated":true}]}}