{"id":8463,"date":"2024-06-17T15:11:01","date_gmt":"2024-06-17T13:11:01","guid":{"rendered":"https:\/\/j-p-management.com\/?p=8463"},"modified":"2025-08-04T10:21:07","modified_gmt":"2025-08-04T08:21:07","slug":"best-practice-konferenz-am-13-juni-2024-nachlese","status":"publish","type":"post","link":"https:\/\/wienerhomepages-projekte.at\/1\/j-p-management\/best-practice-konferenz-am-13-juni-2024-nachlese\/","title":{"rendered":"Nachlese zur Best Practice-Konferenz am 13. Juni 2024"},"content":{"rendered":"<div class=\"fusion-fullwidth fullwidth-box fusion-builder-row-1 fusion-flex-container has-pattern-background has-mask-background nonhundred-percent-fullwidth non-hundred-percent-height-scrolling\" style=\"--awb-border-radius-top-left:0px;--awb-border-radius-top-right:0px;--awb-border-radius-bottom-right:0px;--awb-border-radius-bottom-left:0px;--awb-flex-wrap:wrap;\" ><div class=\"fusion-builder-row fusion-row fusion-flex-align-items-flex-start fusion-flex-content-wrap\" style=\"max-width:1216.8px;margin-left: calc(-4% \/ 2 );margin-right: calc(-4% \/ 2 );\"><div class=\"fusion-layout-column fusion_builder_column fusion-builder-column-0 fusion_builder_column_3_4 3_4 fusion-flex-column\" style=\"--awb-bg-size:cover;--awb-width-large:75%;--awb-margin-top-large:0px;--awb-spacing-right-large:2.56%;--awb-margin-bottom-large:20px;--awb-spacing-left-large:2.56%;--awb-width-medium:100%;--awb-order-medium:0;--awb-spacing-right-medium:1.92%;--awb-spacing-left-medium:1.92%;--awb-width-small:100%;--awb-order-small:0;--awb-spacing-right-small:1.92%;--awb-spacing-left-small:1.92%;\"><div class=\"fusion-column-wrapper fusion-column-has-shadow fusion-flex-justify-content-flex-start fusion-content-layout-column\"><div class=\"fusion-text fusion-text-1\"><p><img decoding=\"async\" class=\"lazyload alignnone size-full wp-image-8464\" src=\"https:\/\/wienerhomepages-projekte.at\/1\/j-p-management\/wp-content\/uploads\/images\/blog\/gruppenfoto_fuer_blog.jpg\" data-orig-src=\"https:\/\/wienerhomepages-projekte.at\/1\/j-p-management\/wp-content\/uploads\/images\/blog\/gruppenfoto_fuer_blog.jpg\" alt=\"\" width=\"1200\" height=\"625\" srcset=\"data:image\/svg+xml,%3Csvg%20xmlns%3D%27http%3A%2F%2Fwww.w3.org%2F2000%2Fsvg%27%20width%3D%271200%27%20height%3D%27625%27%20viewBox%3D%270%200%201200%20625%27%3E%3Crect%20width%3D%271200%27%20height%3D%27625%27%20fill-opacity%3D%220%22%2F%3E%3C%2Fsvg%3E\" data-srcset=\"https:\/\/wienerhomepages-projekte.at\/1\/j-p-management\/wp-content\/uploads\/images\/blog\/gruppenfoto_fuer_blog-200x104.jpg 200w, https:\/\/wienerhomepages-projekte.at\/1\/j-p-management\/wp-content\/uploads\/images\/blog\/gruppenfoto_fuer_blog-300x156.jpg 300w, https:\/\/wienerhomepages-projekte.at\/1\/j-p-management\/wp-content\/uploads\/images\/blog\/gruppenfoto_fuer_blog-400x208.jpg 400w, https:\/\/wienerhomepages-projekte.at\/1\/j-p-management\/wp-content\/uploads\/images\/blog\/gruppenfoto_fuer_blog-600x313.jpg 600w, https:\/\/wienerhomepages-projekte.at\/1\/j-p-management\/wp-content\/uploads\/images\/blog\/gruppenfoto_fuer_blog-768x400.jpg 768w, https:\/\/wienerhomepages-projekte.at\/1\/j-p-management\/wp-content\/uploads\/images\/blog\/gruppenfoto_fuer_blog-800x417.jpg 800w, https:\/\/wienerhomepages-projekte.at\/1\/j-p-management\/wp-content\/uploads\/images\/blog\/gruppenfoto_fuer_blog-1024x533.jpg 1024w, https:\/\/wienerhomepages-projekte.at\/1\/j-p-management\/wp-content\/uploads\/images\/blog\/gruppenfoto_fuer_blog.jpg 1200w\" data-sizes=\"auto\" data-orig-sizes=\"(max-width: 1200px) 100vw, 1200px\" \/><\/p>\n<\/div><div class=\"fusion-text fusion-text-2\"><h3 class=\"fusion-responsive-typography-calculated\" data-fontsize=\"25\" data-lineheight=\"30px\">Best-ofs der Lean Management-Leitbetriebe\u00ae<\/h3>\n<p data-fontsize=\"21\" data-lineheight=\"29.4px\"><strong>Praxisl\u00f6sungen mit konkret realisiertem Nutzen<\/strong><\/p>\n<p>Bei der Best Practice-Konferenz \u201eBest-ofs der Lean Management-Leitbetriebe\u201c am 13. Juni 2024 an der Universit\u00e4t f\u00fcr Weiterbildung Krems pr\u00e4sentierten Vertreterinnen und Vertreter der 13 Lean Management-Leitbetriebe 2023\/24 Success Stories zu den Themenschwerpunkten Operational Excellence, Smart Factory und Green Factory. Im Rahmen der Konferenz wurden sie auch f\u00fcr ihr Engagement zur F\u00f6rderung des Erfahrungsaustausches am Industriestandort \u00d6sterreich geehrt. Rund 250 Besucherinnen und Besucher profitierten von den vorgestellten Praxisl\u00f6sungen mit konkret realisiertem Nutzen.<\/p>\n<p>Die Lean Management-Leitbetriebe 2023\/24 sind:<\/p>\n<ul>\n<li>Andritz AG<\/li>\n<li>Aptiv Mobility Services Austria MAT. GmbH<\/li>\n<li>ATOMIC Austria GmbH<\/li>\n<li>Flextronics International Gesellschaft m.b.H.<\/li>\n<li>Greiner Packaging GmbH<\/li>\n<li>Hirschmann Automotive GmbH<\/li>\n<li>HOERBIGER Wien GmbH<\/li>\n<li>Infineon Technologies Austria AG<\/li>\n<li>Lenze Austria GmbH<\/li>\n<li>Lindner-Recyclingtech GmbH<\/li>\n<li>Otto Bock Healthcare Products GmbH<\/li>\n<li>Palfinger Europe GmbH<\/li>\n<li>Welser Profile Austria GmbH<\/li>\n<\/ul>\n<p><a href=\"https:\/\/www.step-up.at\/best-practice\/best-practice-konferenzen\/best-practice-konferenzen-rueckblick\/best-practice-konferenz-am-13-juni-2024\/\">Zur Nachlese: Best-ofs als Download (f\u00fcr StEP-Up-Mitgliedsunternehmen und Konferenzbesucherinnen und -besucher), Foto-Impressionen, Bewertungsergebnisse, Feedback von Besucherinnen und Besuchern<\/a><\/p>\n<\/div><div class=\"fusion-sharing-box fusion-sharing-box-1 has-taglines layout-floated layout-medium-floated layout-small-stacked\" style=\"background-color:hsla(var(--awb-color8-h),var(--awb-color8-s),calc( var(--awb-color8-l) + 96% ),var(--awb-color8-a));border-color:#cccccc;--awb-separator-border-color:#cccccc;--awb-separator-border-sizes:0px;--awb-layout:row;--awb-alignment-small:space-between;--awb-stacked-align-small:center;\" data-title=\"Nachlese zur Best Practice-Konferenz am 13. Juni 2024\" data-description=\"Best-ofs der Lean Management-Leitbetriebe\u00ae\r\nPraxisl\u00f6sungen mit konkret realisiertem Nutzen\r\nBei der Best Practice-Konferenz \u201eBest-ofs der Lean Management-Leitbetriebe\u201c am 13. Juni 2024 an der Universit\u00e4t f\u00fcr Weiterbildung Krems pr\u00e4sentierten Vertreterinnen und Vertreter der 13 Lean Management-Leitbetriebe 2023\/24 Success Stories zu den Themenschwerpunkten Operational Excellence,\" data-link=\"https:\/\/wienerhomepages-projekte.at\/1\/j-p-management\/best-practice-konferenz-am-13-juni-2024-nachlese\/\"><h4 class=\"tagline\" style=\"color:hsla(var(--awb-color8-h),var(--awb-color8-s),calc( var(--awb-color8-l) + 20% ),var(--awb-color8-a));\">Teilen Sie diesen Beitrag:<\/h4><div class=\"fusion-social-networks sharingbox-shortcode-icon-wrapper sharingbox-shortcode-icon-wrapper-1\"><span><a href=\"https:\/\/www.facebook.com\/sharer.php?u=https%3A%2F%2Fwienerhomepages-projekte.at%2F1%2Fj-p-management%2Fbest-practice-konferenz-am-13-juni-2024-nachlese%2F&amp;t=Nachlese%20zur%20Best%20Practice-Konferenz%20am%2013.%20Juni%202024\" target=\"_blank\" rel=\"noreferrer\" title=\"Facebook\" aria-label=\"Facebook\" data-placement=\"top\" data-toggle=\"tooltip\" data-title=\"Facebook\"><i class=\"fusion-social-network-icon fusion-tooltip fusion-facebook awb-icon-facebook\" style=\"color:#bebdbd;\" aria-hidden=\"true\"><\/i><\/a><\/span><span><a href=\"https:\/\/www.linkedin.com\/shareArticle?mini=true&amp;url=https%3A%2F%2Fwienerhomepages-projekte.at%2F1%2Fj-p-management%2Fbest-practice-konferenz-am-13-juni-2024-nachlese%2F&amp;title=Nachlese%20zur%20Best%20Practice-Konferenz%20am%2013.%20Juni%202024&amp;summary=Best-ofs%20der%20Lean%20Management-Leitbetriebe%C2%AE%0D%0APraxisl%C3%B6sungen%20mit%20konkret%20realisiertem%20Nutzen%0D%0ABei%20der%20Best%20Practice-Konferenz%20%E2%80%9EBest-ofs%20der%20Lean%20Management-Leitbetriebe%E2%80%9C%20am%2013.%20Juni%202024%20an%20der%20Universit%C3%A4t%20f%C3%BCr%20Weiterbildung%20Krems%20pr%C3%A4sentierten%20Vertreterinnen%20und%20Vertreter%20der%2013%20Lean%20Management-Leitbetriebe%202023%2F24%20Success%20Stories%20zu%20den%20Themenschwerpunkten%20Operational%20Excellence%2C\" target=\"_blank\" rel=\"noopener noreferrer\" title=\"LinkedIn\" aria-label=\"LinkedIn\" data-placement=\"top\" data-toggle=\"tooltip\" data-title=\"LinkedIn\"><i class=\"fusion-social-network-icon fusion-tooltip fusion-linkedin awb-icon-linkedin\" style=\"color:#bebdbd;\" aria-hidden=\"true\"><\/i><\/a><\/span><span><a href=\"https:\/\/api.whatsapp.com\/send?text=https%3A%2F%2Fwienerhomepages-projekte.at%2F1%2Fj-p-management%2Fbest-practice-konferenz-am-13-juni-2024-nachlese%2F\" target=\"_blank\" rel=\"noopener noreferrer\" title=\"WhatsApp\" aria-label=\"WhatsApp\" data-placement=\"top\" data-toggle=\"tooltip\" data-title=\"WhatsApp\"><i class=\"fusion-social-network-icon fusion-tooltip fusion-whatsapp awb-icon-whatsapp\" style=\"color:#bebdbd;\" aria-hidden=\"true\"><\/i><\/a><\/span><span><a href=\"https:\/\/www.xing.com\/social_plugins\/share\/new?sc_p=xing-share&amp;h=1&amp;url=https%3A%2F%2Fwienerhomepages-projekte.at%2F1%2Fj-p-management%2Fbest-practice-konferenz-am-13-juni-2024-nachlese%2F\" target=\"_blank\" rel=\"noopener noreferrer\" title=\"Xing\" aria-label=\"Xing\" data-placement=\"top\" data-toggle=\"tooltip\" data-title=\"Xing\"><i class=\"fusion-social-network-icon fusion-tooltip fusion-xing awb-icon-xing\" style=\"color:#bebdbd;\" aria-hidden=\"true\"><\/i><\/a><\/span><span><a href=\"mailto:?subject=Nachlese%20zur%20Best%20Practice-Konferenz%20am%2013.%20Juni%202024&amp;body=https%3A%2F%2Fwienerhomepages-projekte.at%2F1%2Fj-p-management%2Fbest-practice-konferenz-am-13-juni-2024-nachlese%2F\" target=\"_self\" title=\"E-Mail\" aria-label=\"E-Mail\" data-placement=\"top\" data-toggle=\"tooltip\" data-title=\"E-Mail\"><i class=\"fusion-social-network-icon fusion-tooltip fusion-mail awb-icon-mail\" style=\"color:#bebdbd;\" aria-hidden=\"true\"><\/i><\/a><\/span><\/div><\/div>\n<\/div><\/div><\/div><\/div>\n","protected":false},"excerpt":{"rendered":"","protected":false},"author":2,"featured_media":8464,"comment_status":"open","ping_status":"open","sticky":false,"template":"","format":"standard","meta":{"footnotes":""},"categories":[49],"tags":[],"class_list":["post-8463","post","type-post","status-publish","format-standard","has-post-thumbnail","hentry","category-information"],"yoast_head":"<!-- This site is optimized with the Yoast SEO plugin v27.2 - https:\/\/yoast.com\/product\/yoast-seo-wordpress\/ -->\n<title>Nachlese zur Best Practice-Konferenz am 13. Juni 2024 - j-p-management<\/title>\n<meta name=\"description\" content=\"Nachlese Best-Practice-Konferenz 2024\" \/>\n<meta name=\"robots\" content=\"noindex, follow, max-snippet:-1, max-image-preview:large, max-video-preview:-1\" \/>\n<meta property=\"og:locale\" content=\"de_DE\" \/>\n<meta property=\"og:type\" content=\"article\" \/>\n<meta property=\"og:title\" content=\"Nachlese zur Best Practice-Konferenz am 13. Juni 2024 - j-p-management\" \/>\n<meta property=\"og:description\" content=\"Nachlese Best-Practice-Konferenz 2024\" \/>\n<meta property=\"og:url\" content=\"https:\/\/wienerhomepages-projekte.at\/1\/j-p-management\/best-practice-konferenz-am-13-juni-2024-nachlese\/\" \/>\n<meta property=\"og:site_name\" content=\"j-p-management\" \/>\n<meta property=\"article:published_time\" content=\"2024-06-17T13:11:01+00:00\" \/>\n<meta property=\"article:modified_time\" content=\"2025-08-04T08:21:07+00:00\" \/>\n<meta property=\"og:image\" content=\"https:\/\/wienerhomepages-projekte.at\/1\/j-p-management\/wp-content\/uploads\/images\/blog\/gruppenfoto_fuer_blog.jpg\" \/>\n\t<meta property=\"og:image:width\" content=\"1200\" \/>\n\t<meta property=\"og:image:height\" content=\"625\" \/>\n\t<meta property=\"og:image:type\" content=\"image\/jpeg\" \/>\n<meta name=\"author\" content=\"priestersberger\" \/>\n<meta name=\"twitter:card\" content=\"summary_large_image\" \/>\n<meta name=\"twitter:label1\" content=\"Geschrieben von\" \/>\n\t<meta name=\"twitter:data1\" content=\"priestersberger\" \/>\n\t<meta name=\"twitter:label2\" content=\"Gesch\u00e4tzte Lesezeit\" \/>\n\t<meta name=\"twitter:data2\" content=\"2\u00a0Minuten\" \/>\n<script type=\"application\/ld+json\" class=\"yoast-schema-graph\">{\"@context\":\"https:\/\/schema.org\",\"@graph\":[{\"@type\":\"Article\",\"@id\":\"https:\/\/wienerhomepages-projekte.at\/1\/j-p-management\/best-practice-konferenz-am-13-juni-2024-nachlese\/#article\",\"isPartOf\":{\"@id\":\"https:\/\/wienerhomepages-projekte.at\/1\/j-p-management\/best-practice-konferenz-am-13-juni-2024-nachlese\/\"},\"author\":{\"name\":\"priestersberger\",\"@id\":\"https:\/\/wienerhomepages-projekte.at\/1\/j-p-management\/#\/schema\/person\/0d90a45d76680be33a13f540caf01a74\"},\"headline\":\"Nachlese zur Best Practice-Konferenz am 13. Juni 2024\",\"datePublished\":\"2024-06-17T13:11:01+00:00\",\"dateModified\":\"2025-08-04T08:21:07+00:00\",\"mainEntityOfPage\":{\"@id\":\"https:\/\/wienerhomepages-projekte.at\/1\/j-p-management\/best-practice-konferenz-am-13-juni-2024-nachlese\/\"},\"wordCount\":1002,\"commentCount\":0,\"image\":{\"@id\":\"https:\/\/wienerhomepages-projekte.at\/1\/j-p-management\/best-practice-konferenz-am-13-juni-2024-nachlese\/#primaryimage\"},\"thumbnailUrl\":\"https:\/\/wienerhomepages-projekte.at\/1\/j-p-management\/wp-content\/uploads\/images\/blog\/gruppenfoto_fuer_blog.jpg\",\"articleSection\":[\"Information\"],\"inLanguage\":\"de\",\"potentialAction\":[{\"@type\":\"CommentAction\",\"name\":\"Comment\",\"target\":[\"https:\/\/wienerhomepages-projekte.at\/1\/j-p-management\/best-practice-konferenz-am-13-juni-2024-nachlese\/#respond\"]}]},{\"@type\":\"WebPage\",\"@id\":\"https:\/\/wienerhomepages-projekte.at\/1\/j-p-management\/best-practice-konferenz-am-13-juni-2024-nachlese\/\",\"url\":\"https:\/\/wienerhomepages-projekte.at\/1\/j-p-management\/best-practice-konferenz-am-13-juni-2024-nachlese\/\",\"name\":\"Nachlese zur Best Practice-Konferenz am 13. Juni 2024 - j-p-management\",\"isPartOf\":{\"@id\":\"https:\/\/wienerhomepages-projekte.at\/1\/j-p-management\/#website\"},\"primaryImageOfPage\":{\"@id\":\"https:\/\/wienerhomepages-projekte.at\/1\/j-p-management\/best-practice-konferenz-am-13-juni-2024-nachlese\/#primaryimage\"},\"image\":{\"@id\":\"https:\/\/wienerhomepages-projekte.at\/1\/j-p-management\/best-practice-konferenz-am-13-juni-2024-nachlese\/#primaryimage\"},\"thumbnailUrl\":\"https:\/\/wienerhomepages-projekte.at\/1\/j-p-management\/wp-content\/uploads\/images\/blog\/gruppenfoto_fuer_blog.jpg\",\"datePublished\":\"2024-06-17T13:11:01+00:00\",\"dateModified\":\"2025-08-04T08:21:07+00:00\",\"author\":{\"@id\":\"https:\/\/wienerhomepages-projekte.at\/1\/j-p-management\/#\/schema\/person\/0d90a45d76680be33a13f540caf01a74\"},\"description\":\"Nachlese Best-Practice-Konferenz 2024\",\"breadcrumb\":{\"@id\":\"https:\/\/wienerhomepages-projekte.at\/1\/j-p-management\/best-practice-konferenz-am-13-juni-2024-nachlese\/#breadcrumb\"},\"inLanguage\":\"de\",\"potentialAction\":[{\"@type\":\"ReadAction\",\"target\":[\"https:\/\/wienerhomepages-projekte.at\/1\/j-p-management\/best-practice-konferenz-am-13-juni-2024-nachlese\/\"]}]},{\"@type\":\"ImageObject\",\"inLanguage\":\"de\",\"@id\":\"https:\/\/wienerhomepages-projekte.at\/1\/j-p-management\/best-practice-konferenz-am-13-juni-2024-nachlese\/#primaryimage\",\"url\":\"https:\/\/wienerhomepages-projekte.at\/1\/j-p-management\/wp-content\/uploads\/images\/blog\/gruppenfoto_fuer_blog.jpg\",\"contentUrl\":\"https:\/\/wienerhomepages-projekte.at\/1\/j-p-management\/wp-content\/uploads\/images\/blog\/gruppenfoto_fuer_blog.jpg\",\"width\":1200,\"height\":625},{\"@type\":\"BreadcrumbList\",\"@id\":\"https:\/\/wienerhomepages-projekte.at\/1\/j-p-management\/best-practice-konferenz-am-13-juni-2024-nachlese\/#breadcrumb\",\"itemListElement\":[{\"@type\":\"ListItem\",\"position\":1,\"name\":\"Startseite\",\"item\":\"https:\/\/wienerhomepages-projekte.at\/1\/j-p-management\/\"},{\"@type\":\"ListItem\",\"position\":2,\"name\":\"Nachlese zur Best Practice-Konferenz am 13. Juni 2024\"}]},{\"@type\":\"WebSite\",\"@id\":\"https:\/\/wienerhomepages-projekte.at\/1\/j-p-management\/#website\",\"url\":\"https:\/\/wienerhomepages-projekte.at\/1\/j-p-management\/\",\"name\":\"j-p-management\",\"description\":\"\",\"potentialAction\":[{\"@type\":\"SearchAction\",\"target\":{\"@type\":\"EntryPoint\",\"urlTemplate\":\"https:\/\/wienerhomepages-projekte.at\/1\/j-p-management\/?s={search_term_string}\"},\"query-input\":{\"@type\":\"PropertyValueSpecification\",\"valueRequired\":true,\"valueName\":\"search_term_string\"}}],\"inLanguage\":\"de\"},{\"@type\":\"Person\",\"@id\":\"https:\/\/wienerhomepages-projekte.at\/1\/j-p-management\/#\/schema\/person\/0d90a45d76680be33a13f540caf01a74\",\"name\":\"priestersberger\",\"url\":\"https:\/\/wienerhomepages-projekte.at\/1\/j-p-management\/author\/priestersberger\/\"}]}<\/script>\n<!-- \/ Yoast SEO plugin. -->","yoast_head_json":{"title":"Nachlese zur Best Practice-Konferenz am 13. Juni 2024 - j-p-management","description":"Nachlese Best-Practice-Konferenz 2024","robots":{"index":"noindex","follow":"follow","max-snippet":"max-snippet:-1","max-image-preview":"max-image-preview:large","max-video-preview":"max-video-preview:-1"},"og_locale":"de_DE","og_type":"article","og_title":"Nachlese zur Best Practice-Konferenz am 13. Juni 2024 - j-p-management","og_description":"Nachlese Best-Practice-Konferenz 2024","og_url":"https:\/\/wienerhomepages-projekte.at\/1\/j-p-management\/best-practice-konferenz-am-13-juni-2024-nachlese\/","og_site_name":"j-p-management","article_published_time":"2024-06-17T13:11:01+00:00","article_modified_time":"2025-08-04T08:21:07+00:00","og_image":[{"width":1200,"height":625,"url":"https:\/\/wienerhomepages-projekte.at\/1\/j-p-management\/wp-content\/uploads\/images\/blog\/gruppenfoto_fuer_blog.jpg","type":"image\/jpeg"}],"author":"priestersberger","twitter_card":"summary_large_image","twitter_misc":{"Geschrieben von":"priestersberger","Gesch\u00e4tzte Lesezeit":"2\u00a0Minuten"},"schema":{"@context":"https:\/\/schema.org","@graph":[{"@type":"Article","@id":"https:\/\/wienerhomepages-projekte.at\/1\/j-p-management\/best-practice-konferenz-am-13-juni-2024-nachlese\/#article","isPartOf":{"@id":"https:\/\/wienerhomepages-projekte.at\/1\/j-p-management\/best-practice-konferenz-am-13-juni-2024-nachlese\/"},"author":{"name":"priestersberger","@id":"https:\/\/wienerhomepages-projekte.at\/1\/j-p-management\/#\/schema\/person\/0d90a45d76680be33a13f540caf01a74"},"headline":"Nachlese zur Best Practice-Konferenz am 13. Juni 2024","datePublished":"2024-06-17T13:11:01+00:00","dateModified":"2025-08-04T08:21:07+00:00","mainEntityOfPage":{"@id":"https:\/\/wienerhomepages-projekte.at\/1\/j-p-management\/best-practice-konferenz-am-13-juni-2024-nachlese\/"},"wordCount":1002,"commentCount":0,"image":{"@id":"https:\/\/wienerhomepages-projekte.at\/1\/j-p-management\/best-practice-konferenz-am-13-juni-2024-nachlese\/#primaryimage"},"thumbnailUrl":"https:\/\/wienerhomepages-projekte.at\/1\/j-p-management\/wp-content\/uploads\/images\/blog\/gruppenfoto_fuer_blog.jpg","articleSection":["Information"],"inLanguage":"de","potentialAction":[{"@type":"CommentAction","name":"Comment","target":["https:\/\/wienerhomepages-projekte.at\/1\/j-p-management\/best-practice-konferenz-am-13-juni-2024-nachlese\/#respond"]}]},{"@type":"WebPage","@id":"https:\/\/wienerhomepages-projekte.at\/1\/j-p-management\/best-practice-konferenz-am-13-juni-2024-nachlese\/","url":"https:\/\/wienerhomepages-projekte.at\/1\/j-p-management\/best-practice-konferenz-am-13-juni-2024-nachlese\/","name":"Nachlese zur Best Practice-Konferenz am 13. Juni 2024 - j-p-management","isPartOf":{"@id":"https:\/\/wienerhomepages-projekte.at\/1\/j-p-management\/#website"},"primaryImageOfPage":{"@id":"https:\/\/wienerhomepages-projekte.at\/1\/j-p-management\/best-practice-konferenz-am-13-juni-2024-nachlese\/#primaryimage"},"image":{"@id":"https:\/\/wienerhomepages-projekte.at\/1\/j-p-management\/best-practice-konferenz-am-13-juni-2024-nachlese\/#primaryimage"},"thumbnailUrl":"https:\/\/wienerhomepages-projekte.at\/1\/j-p-management\/wp-content\/uploads\/images\/blog\/gruppenfoto_fuer_blog.jpg","datePublished":"2024-06-17T13:11:01+00:00","dateModified":"2025-08-04T08:21:07+00:00","author":{"@id":"https:\/\/wienerhomepages-projekte.at\/1\/j-p-management\/#\/schema\/person\/0d90a45d76680be33a13f540caf01a74"},"description":"Nachlese Best-Practice-Konferenz 2024","breadcrumb":{"@id":"https:\/\/wienerhomepages-projekte.at\/1\/j-p-management\/best-practice-konferenz-am-13-juni-2024-nachlese\/#breadcrumb"},"inLanguage":"de","potentialAction":[{"@type":"ReadAction","target":["https:\/\/wienerhomepages-projekte.at\/1\/j-p-management\/best-practice-konferenz-am-13-juni-2024-nachlese\/"]}]},{"@type":"ImageObject","inLanguage":"de","@id":"https:\/\/wienerhomepages-projekte.at\/1\/j-p-management\/best-practice-konferenz-am-13-juni-2024-nachlese\/#primaryimage","url":"https:\/\/wienerhomepages-projekte.at\/1\/j-p-management\/wp-content\/uploads\/images\/blog\/gruppenfoto_fuer_blog.jpg","contentUrl":"https:\/\/wienerhomepages-projekte.at\/1\/j-p-management\/wp-content\/uploads\/images\/blog\/gruppenfoto_fuer_blog.jpg","width":1200,"height":625},{"@type":"BreadcrumbList","@id":"https:\/\/wienerhomepages-projekte.at\/1\/j-p-management\/best-practice-konferenz-am-13-juni-2024-nachlese\/#breadcrumb","itemListElement":[{"@type":"ListItem","position":1,"name":"Startseite","item":"https:\/\/wienerhomepages-projekte.at\/1\/j-p-management\/"},{"@type":"ListItem","position":2,"name":"Nachlese zur Best Practice-Konferenz am 13. Juni 2024"}]},{"@type":"WebSite","@id":"https:\/\/wienerhomepages-projekte.at\/1\/j-p-management\/#website","url":"https:\/\/wienerhomepages-projekte.at\/1\/j-p-management\/","name":"j-p-management","description":"","potentialAction":[{"@type":"SearchAction","target":{"@type":"EntryPoint","urlTemplate":"https:\/\/wienerhomepages-projekte.at\/1\/j-p-management\/?s={search_term_string}"},"query-input":{"@type":"PropertyValueSpecification","valueRequired":true,"valueName":"search_term_string"}}],"inLanguage":"de"},{"@type":"Person","@id":"https:\/\/wienerhomepages-projekte.at\/1\/j-p-management\/#\/schema\/person\/0d90a45d76680be33a13f540caf01a74","name":"priestersberger","url":"https:\/\/wienerhomepages-projekte.at\/1\/j-p-management\/author\/priestersberger\/"}]}},"_links":{"self":[{"href":"https:\/\/wienerhomepages-projekte.at\/1\/j-p-management\/wp-json\/wp\/v2\/posts\/8463","targetHints":{"allow":["GET"]}}],"collection":[{"href":"https:\/\/wienerhomepages-projekte.at\/1\/j-p-management\/wp-json\/wp\/v2\/posts"}],"about":[{"href":"https:\/\/wienerhomepages-projekte.at\/1\/j-p-management\/wp-json\/wp\/v2\/types\/post"}],"author":[{"embeddable":true,"href":"https:\/\/wienerhomepages-projekte.at\/1\/j-p-management\/wp-json\/wp\/v2\/users\/2"}],"replies":[{"embeddable":true,"href":"https:\/\/wienerhomepages-projekte.at\/1\/j-p-management\/wp-json\/wp\/v2\/comments?post=8463"}],"version-history":[{"count":3,"href":"https:\/\/wienerhomepages-projekte.at\/1\/j-p-management\/wp-json\/wp\/v2\/posts\/8463\/revisions"}],"predecessor-version":[{"id":8467,"href":"https:\/\/wienerhomepages-projekte.at\/1\/j-p-management\/wp-json\/wp\/v2\/posts\/8463\/revisions\/8467"}],"wp:featuredmedia":[{"embeddable":true,"href":"https:\/\/wienerhomepages-projekte.at\/1\/j-p-management\/wp-json\/wp\/v2\/media\/8464"}],"wp:attachment":[{"href":"https:\/\/wienerhomepages-projekte.at\/1\/j-p-management\/wp-json\/wp\/v2\/media?parent=8463"}],"wp:term":[{"taxonomy":"category","embeddable":true,"href":"https:\/\/wienerhomepages-projekte.at\/1\/j-p-management\/wp-json\/wp\/v2\/categories?post=8463"},{"taxonomy":"post_tag","embeddable":true,"href":"https:\/\/wienerhomepages-projekte.at\/1\/j-p-management\/wp-json\/wp\/v2\/tags?post=8463"}],"curies":[{"name":"wp","href":"https:\/\/api.w.org\/{rel}","templated":true}]}}