{"id":8083,"date":"2023-04-26T09:35:15","date_gmt":"2023-04-26T07:35:15","guid":{"rendered":"https:\/\/www.j-p-management.com\/?p=8083"},"modified":"2025-08-04T11:33:34","modified_gmt":"2025-08-04T09:33:34","slug":"optimierung-der-arbeitsplatzorganisation-5s","status":"publish","type":"post","link":"https:\/\/wienerhomepages-projekte.at\/1\/j-p-management\/optimierung-der-arbeitsplatzorganisation-5s\/","title":{"rendered":"Optimierung der Arbeitsplatzorganisation (5S)"},"content":{"rendered":"<div class=\"fusion-fullwidth fullwidth-box fusion-builder-row-1 fusion-flex-container has-pattern-background has-mask-background nonhundred-percent-fullwidth non-hundred-percent-height-scrolling\" style=\"--awb-border-radius-top-left:0px;--awb-border-radius-top-right:0px;--awb-border-radius-bottom-right:0px;--awb-border-radius-bottom-left:0px;--awb-flex-wrap:wrap;\" ><div class=\"fusion-builder-row fusion-row fusion-flex-align-items-flex-start fusion-flex-content-wrap\" style=\"max-width:1216.8px;margin-left: calc(-4% \/ 2 );margin-right: calc(-4% \/ 2 );\"><div class=\"fusion-layout-column fusion_builder_column fusion-builder-column-0 fusion_builder_column_3_4 3_4 fusion-flex-column\" style=\"--awb-bg-size:cover;--awb-width-large:75%;--awb-margin-top-large:0px;--awb-spacing-right-large:2.56%;--awb-margin-bottom-large:20px;--awb-spacing-left-large:2.56%;--awb-width-medium:100%;--awb-order-medium:0;--awb-spacing-right-medium:1.92%;--awb-spacing-left-medium:1.92%;--awb-width-small:100%;--awb-order-small:0;--awb-spacing-right-small:1.92%;--awb-spacing-left-small:1.92%;\"><div class=\"fusion-column-wrapper fusion-column-has-shadow fusion-flex-justify-content-flex-start fusion-content-layout-column\"><div class=\"fusion-text fusion-text-1\"><p><img decoding=\"async\" class=\"lazyload alignnone size-full wp-image-8085\" src=\"https:\/\/wienerhomepages-projekte.at\/1\/j-p-management\/wp-content\/uploads\/images\/blog\/fassade.jpg\" data-orig-src=\"https:\/\/wienerhomepages-projekte.at\/1\/j-p-management\/wp-content\/uploads\/images\/blog\/fassade.jpg\" alt=\"\" width=\"1200\" height=\"625\" srcset=\"data:image\/svg+xml,%3Csvg%20xmlns%3D%27http%3A%2F%2Fwww.w3.org%2F2000%2Fsvg%27%20width%3D%271200%27%20height%3D%27625%27%20viewBox%3D%270%200%201200%20625%27%3E%3Crect%20width%3D%271200%27%20height%3D%27625%27%20fill-opacity%3D%220%22%2F%3E%3C%2Fsvg%3E\" data-srcset=\"https:\/\/wienerhomepages-projekte.at\/1\/j-p-management\/wp-content\/uploads\/images\/blog\/fassade-200x104.jpg 200w, https:\/\/wienerhomepages-projekte.at\/1\/j-p-management\/wp-content\/uploads\/images\/blog\/fassade-300x156.jpg 300w, https:\/\/wienerhomepages-projekte.at\/1\/j-p-management\/wp-content\/uploads\/images\/blog\/fassade-400x208.jpg 400w, https:\/\/wienerhomepages-projekte.at\/1\/j-p-management\/wp-content\/uploads\/images\/blog\/fassade-600x313.jpg 600w, https:\/\/wienerhomepages-projekte.at\/1\/j-p-management\/wp-content\/uploads\/images\/blog\/fassade-768x400.jpg 768w, https:\/\/wienerhomepages-projekte.at\/1\/j-p-management\/wp-content\/uploads\/images\/blog\/fassade-800x417.jpg 800w, https:\/\/wienerhomepages-projekte.at\/1\/j-p-management\/wp-content\/uploads\/images\/blog\/fassade-1024x533.jpg 1024w, https:\/\/wienerhomepages-projekte.at\/1\/j-p-management\/wp-content\/uploads\/images\/blog\/fassade.jpg 1200w\" data-sizes=\"auto\" data-orig-sizes=\"(max-width: 1200px) 100vw, 1200px\" \/><\/p>\n<\/div><div class=\"fusion-text fusion-text-2\"><h2>Ein Ergebnis, das sich sehen lassen kann<\/h2>\n<p><strong>Branche:<\/strong> Herstellung von Fassadensystemen<\/p>\n<ul>\n<li>Gewinnung von 130 Stunden Produktionszeit pro Monat (drei Pilotbereiche)<\/li>\n<li>Reduktion von Suchzeiten im Ausma\u00df von 45 Stunden pro Monat<\/li>\n<li>Gewinnung von ca. 60 m\u00b2 Produktionsfl\u00e4che<\/li>\n<li>Arbeitsfortschritt und Probleme sind transparent (Basis f\u00fcr KVP ist geschaffen)<\/li>\n<li>keine Unf\u00e4lle in den Pilotbereichen (Beobachtungszeitraum: 6 Monate)<\/li>\n<li>hohe Identifikation der Mitarbeiterinnen und Mitarbeiter mit den Optimierungsergebnissen<\/li>\n<li>Mitarbeiterinnen und Mitarbeiter verf\u00fcgen \u00fcber gesteigerte Methodenkompetenz<\/li>\n<\/ul>\n<p><strong>Fachlicher Coach:<\/strong> StEP-Up \/ Jung + Partner Management GmbH<\/p>\n<\/div><div class=\"fusion-text fusion-text-3\"><h2>Ausgangssituation<\/h2>\n<ul>\n<li>Es gibt zu wenig Platz und Arbeitsfl\u00e4chen.<\/li>\n<li>Es befinden sich viel Material und halbfertige Auftr\u00e4ge in der Fertigung und Montage.<\/li>\n<li>Es befinden sich viele Halbfabrikate im Lager.<\/li>\n<li>Die Arbeitsplatzorganisation ist mangelhaft.<\/li>\n<li>Arbeitsfortschritt und Probleme sind nicht erkennbar.<\/li>\n<li>Die Ausf\u00fchrung von T\u00e4tigkeiten ist zum Teil gef\u00e4hrlich.<\/li>\n<li>Teamleiter sowie Mitarbeiterinnen und Mitarbeiter sind mit unn\u00f6tigen organisatorischen T\u00e4tigkeiten belastet.<\/li>\n<li>Die Einf\u00fchrung von 5S wurde bereits mehrmals erfolglos versucht.<\/li>\n<\/ul>\n<\/div><div class=\"fusion-text fusion-text-4\"><h2>Umgesetzte Optimierungsma\u00dfnahmen<\/h2>\n<ul>\n<li>Durchf\u00fchrung einer 5S-Initiative in drei Pilotbereichen<\/li>\n<li>Schaffung von zus\u00e4tzlichen Standardarbeitspl\u00e4tzen<\/li>\n<li>Installierung von Reinigungspl\u00e4nen f\u00fcr Anlagen<\/li>\n<li>Optimierung des Materialflusses<\/li>\n<li>Optimierung der Werkzeuglagerung und -entnahme<\/li>\n<li>Digitalisierung von Ladelisten<\/li>\n<li>Entwicklung und Umsetzung von Sicherheitsrichtlinien<\/li>\n<\/ul>\n<\/div><div class=\"fusion-sharing-box fusion-sharing-box-1 has-taglines layout-floated layout-medium-floated layout-small-stacked\" style=\"background-color:hsla(var(--awb-color8-h),var(--awb-color8-s),calc( var(--awb-color8-l) + 96% ),var(--awb-color8-a));border-color:#cccccc;--awb-separator-border-color:#cccccc;--awb-separator-border-sizes:0px;--awb-layout:row;--awb-alignment-small:space-between;--awb-stacked-align-small:center;\" data-title=\"Optimierung der Arbeitsplatzorganisation (5S)\" data-description=\"Ein Ergebnis, das sich sehen lassen kann\r\nBranche: Herstellung von Fassadensystemen\r\n\r\n \tGewinnung von 130 Stunden Produktionszeit pro Monat (drei Pilotbereiche)\r\n \tReduktion von Suchzeiten im Ausma\u00df von 45 Stunden pro Monat\r\n \tGewinnung von ca. 60 m\u00b2 Produktionsfl\u00e4che\r\n \tArbeitsfortschritt und Probleme sind transparent (Basis f\u00fcr KVP ist geschaffen)\r\n \tkeine\" data-link=\"https:\/\/wienerhomepages-projekte.at\/1\/j-p-management\/optimierung-der-arbeitsplatzorganisation-5s\/\"><h4 class=\"tagline\" style=\"color:hsla(var(--awb-color8-h),var(--awb-color8-s),calc( var(--awb-color8-l) + 20% ),var(--awb-color8-a));\">Teilen Sie diesen Beitrag:<\/h4><div class=\"fusion-social-networks sharingbox-shortcode-icon-wrapper sharingbox-shortcode-icon-wrapper-1\"><span><a href=\"https:\/\/www.facebook.com\/sharer.php?u=https%3A%2F%2Fwienerhomepages-projekte.at%2F1%2Fj-p-management%2Foptimierung-der-arbeitsplatzorganisation-5s%2F&amp;t=Optimierung%20der%20Arbeitsplatzorganisation%20%285S%29\" target=\"_blank\" rel=\"noreferrer\" title=\"Facebook\" aria-label=\"Facebook\" data-placement=\"top\" data-toggle=\"tooltip\" data-title=\"Facebook\"><i class=\"fusion-social-network-icon fusion-tooltip fusion-facebook awb-icon-facebook\" style=\"color:#bebdbd;\" aria-hidden=\"true\"><\/i><\/a><\/span><span><a href=\"https:\/\/www.linkedin.com\/shareArticle?mini=true&amp;url=https%3A%2F%2Fwienerhomepages-projekte.at%2F1%2Fj-p-management%2Foptimierung-der-arbeitsplatzorganisation-5s%2F&amp;title=Optimierung%20der%20Arbeitsplatzorganisation%20%285S%29&amp;summary=Ein%20Ergebnis%2C%20das%20sich%20sehen%20lassen%20kann%0D%0ABranche%3A%20Herstellung%20von%20Fassadensystemen%0D%0A%0D%0A%20%09Gewinnung%20von%20130%20Stunden%20Produktionszeit%20pro%20Monat%20%28drei%20Pilotbereiche%29%0D%0A%20%09Reduktion%20von%20Suchzeiten%20im%20Ausma%C3%9F%20von%2045%20Stunden%20pro%20Monat%0D%0A%20%09Gewinnung%20von%20ca.%2060%20m%C2%B2%20Produktionsfl%C3%A4che%0D%0A%20%09Arbeitsfortschritt%20und%20Probleme%20sind%20transparent%20%28Basis%20f%C3%BCr%20KVP%20ist%20geschaffen%29%0D%0A%20%09keine\" target=\"_blank\" rel=\"noopener noreferrer\" title=\"LinkedIn\" aria-label=\"LinkedIn\" data-placement=\"top\" data-toggle=\"tooltip\" data-title=\"LinkedIn\"><i class=\"fusion-social-network-icon fusion-tooltip fusion-linkedin awb-icon-linkedin\" style=\"color:#bebdbd;\" aria-hidden=\"true\"><\/i><\/a><\/span><span><a href=\"https:\/\/api.whatsapp.com\/send?text=https%3A%2F%2Fwienerhomepages-projekte.at%2F1%2Fj-p-management%2Foptimierung-der-arbeitsplatzorganisation-5s%2F\" target=\"_blank\" rel=\"noopener noreferrer\" title=\"WhatsApp\" aria-label=\"WhatsApp\" data-placement=\"top\" data-toggle=\"tooltip\" data-title=\"WhatsApp\"><i class=\"fusion-social-network-icon fusion-tooltip fusion-whatsapp awb-icon-whatsapp\" style=\"color:#bebdbd;\" aria-hidden=\"true\"><\/i><\/a><\/span><span><a href=\"https:\/\/www.xing.com\/social_plugins\/share\/new?sc_p=xing-share&amp;h=1&amp;url=https%3A%2F%2Fwienerhomepages-projekte.at%2F1%2Fj-p-management%2Foptimierung-der-arbeitsplatzorganisation-5s%2F\" target=\"_blank\" rel=\"noopener noreferrer\" title=\"Xing\" aria-label=\"Xing\" data-placement=\"top\" data-toggle=\"tooltip\" data-title=\"Xing\"><i class=\"fusion-social-network-icon fusion-tooltip fusion-xing awb-icon-xing\" style=\"color:#bebdbd;\" aria-hidden=\"true\"><\/i><\/a><\/span><span><a href=\"mailto:?subject=Optimierung%20der%20Arbeitsplatzorganisation%20%285S%29&amp;body=https%3A%2F%2Fwienerhomepages-projekte.at%2F1%2Fj-p-management%2Foptimierung-der-arbeitsplatzorganisation-5s%2F\" target=\"_self\" title=\"E-Mail\" aria-label=\"E-Mail\" data-placement=\"top\" data-toggle=\"tooltip\" data-title=\"E-Mail\"><i class=\"fusion-social-network-icon fusion-tooltip fusion-mail awb-icon-mail\" style=\"color:#bebdbd;\" aria-hidden=\"true\"><\/i><\/a><\/span><\/div><\/div>\n<\/div><\/div><\/div><\/div>\n","protected":false},"excerpt":{"rendered":"","protected":false},"author":2,"featured_media":8085,"comment_status":"open","ping_status":"open","sticky":false,"template":"","format":"standard","meta":{"footnotes":""},"categories":[51],"tags":[],"class_list":["post-8083","post","type-post","status-publish","format-standard","has-post-thumbnail","hentry","category-projekterfolg"],"yoast_head":"<!-- This site is optimized with the Yoast SEO plugin v27.2 - https:\/\/yoast.com\/product\/yoast-seo-wordpress\/ -->\n<title>Optimierung der Arbeitsplatzorganisation (5S) - j-p-management<\/title>\n<meta name=\"description\" content=\"Optimierung der Arbeitsplatzorganisation (5S) - Umgesetzte Optimierungsma\u00dfnahmen, Durchf\u00fchrung einer 5S-Initiative in drei Pilotbereichen, Schaffung von zus\u00e4tzlichen Standardarbeitspl\u00e4tzen, Installierung von Reinigungspl\u00e4nen f\u00fcr Anlagen, Optimierung des Materialflusses, Optimierung der Werkzeuglagerung und -entnahme, Digitalisierung von Ladelisten, Entwicklung und Umsetzung von Sicherheitsrichtlinien\" \/>\n<meta name=\"robots\" content=\"noindex, follow, max-snippet:-1, max-image-preview:large, max-video-preview:-1\" \/>\n<meta property=\"og:locale\" content=\"de_DE\" \/>\n<meta property=\"og:type\" content=\"article\" \/>\n<meta property=\"og:title\" content=\"Optimierung der Arbeitsplatzorganisation (5S) - j-p-management\" \/>\n<meta property=\"og:description\" content=\"Optimierung der Arbeitsplatzorganisation (5S) - Umgesetzte Optimierungsma\u00dfnahmen, Durchf\u00fchrung einer 5S-Initiative in drei Pilotbereichen, Schaffung von zus\u00e4tzlichen Standardarbeitspl\u00e4tzen, Installierung von Reinigungspl\u00e4nen f\u00fcr Anlagen, Optimierung des Materialflusses, Optimierung der Werkzeuglagerung und -entnahme, Digitalisierung von Ladelisten, Entwicklung und Umsetzung von Sicherheitsrichtlinien\" \/>\n<meta property=\"og:url\" content=\"https:\/\/wienerhomepages-projekte.at\/1\/j-p-management\/optimierung-der-arbeitsplatzorganisation-5s\/\" \/>\n<meta property=\"og:site_name\" content=\"j-p-management\" \/>\n<meta property=\"article:published_time\" content=\"2023-04-26T07:35:15+00:00\" \/>\n<meta property=\"article:modified_time\" content=\"2025-08-04T09:33:34+00:00\" \/>\n<meta property=\"og:image\" content=\"https:\/\/wienerhomepages-projekte.at\/1\/j-p-management\/wp-content\/uploads\/images\/blog\/fassade.jpg\" \/>\n\t<meta property=\"og:image:width\" content=\"1200\" \/>\n\t<meta property=\"og:image:height\" content=\"625\" \/>\n\t<meta property=\"og:image:type\" content=\"image\/jpeg\" \/>\n<meta name=\"author\" content=\"priestersberger\" \/>\n<meta name=\"twitter:card\" content=\"summary_large_image\" \/>\n<meta name=\"twitter:label1\" content=\"Geschrieben von\" \/>\n\t<meta name=\"twitter:data1\" content=\"priestersberger\" \/>\n\t<meta name=\"twitter:label2\" content=\"Gesch\u00e4tzte Lesezeit\" \/>\n\t<meta name=\"twitter:data2\" content=\"2\u00a0Minuten\" \/>\n<script type=\"application\/ld+json\" class=\"yoast-schema-graph\">{\"@context\":\"https:\/\/schema.org\",\"@graph\":[{\"@type\":\"Article\",\"@id\":\"https:\/\/wienerhomepages-projekte.at\/1\/j-p-management\/optimierung-der-arbeitsplatzorganisation-5s\/#article\",\"isPartOf\":{\"@id\":\"https:\/\/wienerhomepages-projekte.at\/1\/j-p-management\/optimierung-der-arbeitsplatzorganisation-5s\/\"},\"author\":{\"name\":\"priestersberger\",\"@id\":\"https:\/\/wienerhomepages-projekte.at\/1\/j-p-management\/#\/schema\/person\/0d90a45d76680be33a13f540caf01a74\"},\"headline\":\"Optimierung der Arbeitsplatzorganisation (5S)\",\"datePublished\":\"2023-04-26T07:35:15+00:00\",\"dateModified\":\"2025-08-04T09:33:34+00:00\",\"mainEntityOfPage\":{\"@id\":\"https:\/\/wienerhomepages-projekte.at\/1\/j-p-management\/optimierung-der-arbeitsplatzorganisation-5s\/\"},\"wordCount\":1198,\"commentCount\":0,\"image\":{\"@id\":\"https:\/\/wienerhomepages-projekte.at\/1\/j-p-management\/optimierung-der-arbeitsplatzorganisation-5s\/#primaryimage\"},\"thumbnailUrl\":\"https:\/\/wienerhomepages-projekte.at\/1\/j-p-management\/wp-content\/uploads\/images\/blog\/fassade.jpg\",\"articleSection\":[\"Projekterfolg\"],\"inLanguage\":\"de\",\"potentialAction\":[{\"@type\":\"CommentAction\",\"name\":\"Comment\",\"target\":[\"https:\/\/wienerhomepages-projekte.at\/1\/j-p-management\/optimierung-der-arbeitsplatzorganisation-5s\/#respond\"]}]},{\"@type\":\"WebPage\",\"@id\":\"https:\/\/wienerhomepages-projekte.at\/1\/j-p-management\/optimierung-der-arbeitsplatzorganisation-5s\/\",\"url\":\"https:\/\/wienerhomepages-projekte.at\/1\/j-p-management\/optimierung-der-arbeitsplatzorganisation-5s\/\",\"name\":\"Optimierung der Arbeitsplatzorganisation (5S) - j-p-management\",\"isPartOf\":{\"@id\":\"https:\/\/wienerhomepages-projekte.at\/1\/j-p-management\/#website\"},\"primaryImageOfPage\":{\"@id\":\"https:\/\/wienerhomepages-projekte.at\/1\/j-p-management\/optimierung-der-arbeitsplatzorganisation-5s\/#primaryimage\"},\"image\":{\"@id\":\"https:\/\/wienerhomepages-projekte.at\/1\/j-p-management\/optimierung-der-arbeitsplatzorganisation-5s\/#primaryimage\"},\"thumbnailUrl\":\"https:\/\/wienerhomepages-projekte.at\/1\/j-p-management\/wp-content\/uploads\/images\/blog\/fassade.jpg\",\"datePublished\":\"2023-04-26T07:35:15+00:00\",\"dateModified\":\"2025-08-04T09:33:34+00:00\",\"author\":{\"@id\":\"https:\/\/wienerhomepages-projekte.at\/1\/j-p-management\/#\/schema\/person\/0d90a45d76680be33a13f540caf01a74\"},\"description\":\"Optimierung der Arbeitsplatzorganisation (5S) - Umgesetzte Optimierungsma\u00dfnahmen, Durchf\u00fchrung einer 5S-Initiative in drei Pilotbereichen, Schaffung von zus\u00e4tzlichen Standardarbeitspl\u00e4tzen, Installierung von Reinigungspl\u00e4nen f\u00fcr Anlagen, Optimierung des Materialflusses, Optimierung der Werkzeuglagerung und -entnahme, Digitalisierung von Ladelisten, Entwicklung und Umsetzung von Sicherheitsrichtlinien\",\"breadcrumb\":{\"@id\":\"https:\/\/wienerhomepages-projekte.at\/1\/j-p-management\/optimierung-der-arbeitsplatzorganisation-5s\/#breadcrumb\"},\"inLanguage\":\"de\",\"potentialAction\":[{\"@type\":\"ReadAction\",\"target\":[\"https:\/\/wienerhomepages-projekte.at\/1\/j-p-management\/optimierung-der-arbeitsplatzorganisation-5s\/\"]}]},{\"@type\":\"ImageObject\",\"inLanguage\":\"de\",\"@id\":\"https:\/\/wienerhomepages-projekte.at\/1\/j-p-management\/optimierung-der-arbeitsplatzorganisation-5s\/#primaryimage\",\"url\":\"https:\/\/wienerhomepages-projekte.at\/1\/j-p-management\/wp-content\/uploads\/images\/blog\/fassade.jpg\",\"contentUrl\":\"https:\/\/wienerhomepages-projekte.at\/1\/j-p-management\/wp-content\/uploads\/images\/blog\/fassade.jpg\",\"width\":1200,\"height\":625},{\"@type\":\"BreadcrumbList\",\"@id\":\"https:\/\/wienerhomepages-projekte.at\/1\/j-p-management\/optimierung-der-arbeitsplatzorganisation-5s\/#breadcrumb\",\"itemListElement\":[{\"@type\":\"ListItem\",\"position\":1,\"name\":\"Startseite\",\"item\":\"https:\/\/wienerhomepages-projekte.at\/1\/j-p-management\/\"},{\"@type\":\"ListItem\",\"position\":2,\"name\":\"Optimierung der Arbeitsplatzorganisation (5S)\"}]},{\"@type\":\"WebSite\",\"@id\":\"https:\/\/wienerhomepages-projekte.at\/1\/j-p-management\/#website\",\"url\":\"https:\/\/wienerhomepages-projekte.at\/1\/j-p-management\/\",\"name\":\"j-p-management\",\"description\":\"\",\"potentialAction\":[{\"@type\":\"SearchAction\",\"target\":{\"@type\":\"EntryPoint\",\"urlTemplate\":\"https:\/\/wienerhomepages-projekte.at\/1\/j-p-management\/?s={search_term_string}\"},\"query-input\":{\"@type\":\"PropertyValueSpecification\",\"valueRequired\":true,\"valueName\":\"search_term_string\"}}],\"inLanguage\":\"de\"},{\"@type\":\"Person\",\"@id\":\"https:\/\/wienerhomepages-projekte.at\/1\/j-p-management\/#\/schema\/person\/0d90a45d76680be33a13f540caf01a74\",\"name\":\"priestersberger\",\"url\":\"https:\/\/wienerhomepages-projekte.at\/1\/j-p-management\/author\/priestersberger\/\"}]}<\/script>\n<!-- \/ Yoast SEO plugin. -->","yoast_head_json":{"title":"Optimierung der Arbeitsplatzorganisation (5S) - j-p-management","description":"Optimierung der Arbeitsplatzorganisation (5S) - Umgesetzte Optimierungsma\u00dfnahmen, Durchf\u00fchrung einer 5S-Initiative in drei Pilotbereichen, Schaffung von zus\u00e4tzlichen Standardarbeitspl\u00e4tzen, Installierung von Reinigungspl\u00e4nen f\u00fcr Anlagen, Optimierung des Materialflusses, Optimierung der Werkzeuglagerung und -entnahme, Digitalisierung von Ladelisten, Entwicklung und Umsetzung von Sicherheitsrichtlinien","robots":{"index":"noindex","follow":"follow","max-snippet":"max-snippet:-1","max-image-preview":"max-image-preview:large","max-video-preview":"max-video-preview:-1"},"og_locale":"de_DE","og_type":"article","og_title":"Optimierung der Arbeitsplatzorganisation (5S) - j-p-management","og_description":"Optimierung der Arbeitsplatzorganisation (5S) - Umgesetzte Optimierungsma\u00dfnahmen, Durchf\u00fchrung einer 5S-Initiative in drei Pilotbereichen, Schaffung von zus\u00e4tzlichen Standardarbeitspl\u00e4tzen, Installierung von Reinigungspl\u00e4nen f\u00fcr Anlagen, Optimierung des Materialflusses, Optimierung der Werkzeuglagerung und -entnahme, Digitalisierung von Ladelisten, Entwicklung und Umsetzung von Sicherheitsrichtlinien","og_url":"https:\/\/wienerhomepages-projekte.at\/1\/j-p-management\/optimierung-der-arbeitsplatzorganisation-5s\/","og_site_name":"j-p-management","article_published_time":"2023-04-26T07:35:15+00:00","article_modified_time":"2025-08-04T09:33:34+00:00","og_image":[{"width":1200,"height":625,"url":"https:\/\/wienerhomepages-projekte.at\/1\/j-p-management\/wp-content\/uploads\/images\/blog\/fassade.jpg","type":"image\/jpeg"}],"author":"priestersberger","twitter_card":"summary_large_image","twitter_misc":{"Geschrieben von":"priestersberger","Gesch\u00e4tzte Lesezeit":"2\u00a0Minuten"},"schema":{"@context":"https:\/\/schema.org","@graph":[{"@type":"Article","@id":"https:\/\/wienerhomepages-projekte.at\/1\/j-p-management\/optimierung-der-arbeitsplatzorganisation-5s\/#article","isPartOf":{"@id":"https:\/\/wienerhomepages-projekte.at\/1\/j-p-management\/optimierung-der-arbeitsplatzorganisation-5s\/"},"author":{"name":"priestersberger","@id":"https:\/\/wienerhomepages-projekte.at\/1\/j-p-management\/#\/schema\/person\/0d90a45d76680be33a13f540caf01a74"},"headline":"Optimierung der Arbeitsplatzorganisation (5S)","datePublished":"2023-04-26T07:35:15+00:00","dateModified":"2025-08-04T09:33:34+00:00","mainEntityOfPage":{"@id":"https:\/\/wienerhomepages-projekte.at\/1\/j-p-management\/optimierung-der-arbeitsplatzorganisation-5s\/"},"wordCount":1198,"commentCount":0,"image":{"@id":"https:\/\/wienerhomepages-projekte.at\/1\/j-p-management\/optimierung-der-arbeitsplatzorganisation-5s\/#primaryimage"},"thumbnailUrl":"https:\/\/wienerhomepages-projekte.at\/1\/j-p-management\/wp-content\/uploads\/images\/blog\/fassade.jpg","articleSection":["Projekterfolg"],"inLanguage":"de","potentialAction":[{"@type":"CommentAction","name":"Comment","target":["https:\/\/wienerhomepages-projekte.at\/1\/j-p-management\/optimierung-der-arbeitsplatzorganisation-5s\/#respond"]}]},{"@type":"WebPage","@id":"https:\/\/wienerhomepages-projekte.at\/1\/j-p-management\/optimierung-der-arbeitsplatzorganisation-5s\/","url":"https:\/\/wienerhomepages-projekte.at\/1\/j-p-management\/optimierung-der-arbeitsplatzorganisation-5s\/","name":"Optimierung der Arbeitsplatzorganisation (5S) - j-p-management","isPartOf":{"@id":"https:\/\/wienerhomepages-projekte.at\/1\/j-p-management\/#website"},"primaryImageOfPage":{"@id":"https:\/\/wienerhomepages-projekte.at\/1\/j-p-management\/optimierung-der-arbeitsplatzorganisation-5s\/#primaryimage"},"image":{"@id":"https:\/\/wienerhomepages-projekte.at\/1\/j-p-management\/optimierung-der-arbeitsplatzorganisation-5s\/#primaryimage"},"thumbnailUrl":"https:\/\/wienerhomepages-projekte.at\/1\/j-p-management\/wp-content\/uploads\/images\/blog\/fassade.jpg","datePublished":"2023-04-26T07:35:15+00:00","dateModified":"2025-08-04T09:33:34+00:00","author":{"@id":"https:\/\/wienerhomepages-projekte.at\/1\/j-p-management\/#\/schema\/person\/0d90a45d76680be33a13f540caf01a74"},"description":"Optimierung der Arbeitsplatzorganisation (5S) - Umgesetzte Optimierungsma\u00dfnahmen, Durchf\u00fchrung einer 5S-Initiative in drei Pilotbereichen, Schaffung von zus\u00e4tzlichen Standardarbeitspl\u00e4tzen, Installierung von Reinigungspl\u00e4nen f\u00fcr Anlagen, Optimierung des Materialflusses, Optimierung der Werkzeuglagerung und -entnahme, Digitalisierung von Ladelisten, Entwicklung und Umsetzung von Sicherheitsrichtlinien","breadcrumb":{"@id":"https:\/\/wienerhomepages-projekte.at\/1\/j-p-management\/optimierung-der-arbeitsplatzorganisation-5s\/#breadcrumb"},"inLanguage":"de","potentialAction":[{"@type":"ReadAction","target":["https:\/\/wienerhomepages-projekte.at\/1\/j-p-management\/optimierung-der-arbeitsplatzorganisation-5s\/"]}]},{"@type":"ImageObject","inLanguage":"de","@id":"https:\/\/wienerhomepages-projekte.at\/1\/j-p-management\/optimierung-der-arbeitsplatzorganisation-5s\/#primaryimage","url":"https:\/\/wienerhomepages-projekte.at\/1\/j-p-management\/wp-content\/uploads\/images\/blog\/fassade.jpg","contentUrl":"https:\/\/wienerhomepages-projekte.at\/1\/j-p-management\/wp-content\/uploads\/images\/blog\/fassade.jpg","width":1200,"height":625},{"@type":"BreadcrumbList","@id":"https:\/\/wienerhomepages-projekte.at\/1\/j-p-management\/optimierung-der-arbeitsplatzorganisation-5s\/#breadcrumb","itemListElement":[{"@type":"ListItem","position":1,"name":"Startseite","item":"https:\/\/wienerhomepages-projekte.at\/1\/j-p-management\/"},{"@type":"ListItem","position":2,"name":"Optimierung der Arbeitsplatzorganisation (5S)"}]},{"@type":"WebSite","@id":"https:\/\/wienerhomepages-projekte.at\/1\/j-p-management\/#website","url":"https:\/\/wienerhomepages-projekte.at\/1\/j-p-management\/","name":"j-p-management","description":"","potentialAction":[{"@type":"SearchAction","target":{"@type":"EntryPoint","urlTemplate":"https:\/\/wienerhomepages-projekte.at\/1\/j-p-management\/?s={search_term_string}"},"query-input":{"@type":"PropertyValueSpecification","valueRequired":true,"valueName":"search_term_string"}}],"inLanguage":"de"},{"@type":"Person","@id":"https:\/\/wienerhomepages-projekte.at\/1\/j-p-management\/#\/schema\/person\/0d90a45d76680be33a13f540caf01a74","name":"priestersberger","url":"https:\/\/wienerhomepages-projekte.at\/1\/j-p-management\/author\/priestersberger\/"}]}},"_links":{"self":[{"href":"https:\/\/wienerhomepages-projekte.at\/1\/j-p-management\/wp-json\/wp\/v2\/posts\/8083","targetHints":{"allow":["GET"]}}],"collection":[{"href":"https:\/\/wienerhomepages-projekte.at\/1\/j-p-management\/wp-json\/wp\/v2\/posts"}],"about":[{"href":"https:\/\/wienerhomepages-projekte.at\/1\/j-p-management\/wp-json\/wp\/v2\/types\/post"}],"author":[{"embeddable":true,"href":"https:\/\/wienerhomepages-projekte.at\/1\/j-p-management\/wp-json\/wp\/v2\/users\/2"}],"replies":[{"embeddable":true,"href":"https:\/\/wienerhomepages-projekte.at\/1\/j-p-management\/wp-json\/wp\/v2\/comments?post=8083"}],"version-history":[{"count":3,"href":"https:\/\/wienerhomepages-projekte.at\/1\/j-p-management\/wp-json\/wp\/v2\/posts\/8083\/revisions"}],"predecessor-version":[{"id":8087,"href":"https:\/\/wienerhomepages-projekte.at\/1\/j-p-management\/wp-json\/wp\/v2\/posts\/8083\/revisions\/8087"}],"wp:featuredmedia":[{"embeddable":true,"href":"https:\/\/wienerhomepages-projekte.at\/1\/j-p-management\/wp-json\/wp\/v2\/media\/8085"}],"wp:attachment":[{"href":"https:\/\/wienerhomepages-projekte.at\/1\/j-p-management\/wp-json\/wp\/v2\/media?parent=8083"}],"wp:term":[{"taxonomy":"category","embeddable":true,"href":"https:\/\/wienerhomepages-projekte.at\/1\/j-p-management\/wp-json\/wp\/v2\/categories?post=8083"},{"taxonomy":"post_tag","embeddable":true,"href":"https:\/\/wienerhomepages-projekte.at\/1\/j-p-management\/wp-json\/wp\/v2\/tags?post=8083"}],"curies":[{"name":"wp","href":"https:\/\/api.w.org\/{rel}","templated":true}]}}